{"id":2,"name":"Coordena\u00e7\u00e3o Pedag\u00f3gica","url":"https:\/\/escoladoprincipe.com.br\/site\/","description":"Coordena\u00e7\u00e3o da Escola Pequeno Pr\u00edncipe.\r\nAdministra\u00e7\u00e3o Pedag\u00f3gica de Atividades, aplica\u00e7\u00f5es did\u00e1ticas, desenvolvimento e aproveitamento.\r\nRespons\u00e1vel por pesquisas e informa\u00e7\u00f5es de relev\u00e2ncia para pais, alunos e interessados.","link":"https:\/\/escoladoprincipe.com.br\/site\/author\/coordena\/","slug":"coordena","avatar_urls":{"24":"https:\/\/secure.gravatar.com\/avatar\/ad4626b4e5274440907ebf98d523ac2f?s=24&d=mm&r=g","48":"https:\/\/secure.gravatar.com\/avatar\/ad4626b4e5274440907ebf98d523ac2f?s=48&d=mm&r=g","96":"https:\/\/secure.gravatar.com\/avatar\/ad4626b4e5274440907ebf98d523ac2f?s=96&d=mm&r=g"},"meta":[],"_links":{"self":[{"href":"https:\/\/escoladoprincipe.com.br\/site\/wp-json\/wp\/v2\/users\/2"}],"collection":[{"href":"https:\/\/escoladoprincipe.com.br\/site\/wp-json\/wp\/v2\/users"}]}}